{"id":32144,"date":"2026-03-16T09:03:08","date_gmt":"2026-03-16T12:03:08","guid":{"rendered":"https:\/\/www.infobioquimica.com\/new\/?p=32144"},"modified":"2026-03-16T09:03:10","modified_gmt":"2026-03-16T12:03:10","slug":"radio-el-microscopio-segunda-decada-emision-658","status":"publish","type":"post","link":"https:\/\/infobioquimica.com\/new\/2026\/03\/16\/radio-el-microscopio-segunda-decada-emision-658\/","title":{"rendered":"Radio el Microscopio Segunda D\u00e9cada Emisi\u00f3n 658"},"content":{"rendered":"<h2 class=\"wp-block-heading has-text-align-right\">Resistencia antimicrobiana en un contexto hist\u00f3rico<\/h2><div class=\"wp-block-columns is-layout-flex wp-container-core-columns-is-layout-9d6595d7 wp-block-columns-is-layout-flex\"><div class=\"wp-block-column is-layout-flow wp-block-column-is-layout-flow\"><div class=\"wp-block-image\"><figure class=\"aligncenter size-full is-resized\"><a href=\"https:\/\/www.infobioquimica.com\/new\/wp-content\/uploads\/2026\/03\/Adrian_Cazares-.jpg\"><img loading=\"lazy\" decoding=\"async\" width=\"560\" height=\"925\" src=\"https:\/\/www.infobioquimica.com\/new\/wp-content\/uploads\/2026\/03\/Adrian_Cazares-.jpg\" alt=\"\" class=\"wp-image-32139\" style=\"aspect-ratio:0.6054145337484828;width:291px;height:auto\" srcset=\"https:\/\/infobioquimica.com\/new\/wp-content\/uploads\/2026\/03\/Adrian_Cazares-.jpg 560w, https:\/\/infobioquimica.com\/new\/wp-content\/uploads\/2026\/03\/Adrian_Cazares--182x300.jpg 182w, https:\/\/infobioquimica.com\/new\/wp-content\/uploads\/2026\/03\/Adrian_Cazares--254x420.jpg 254w\" sizes=\"auto, (max-width: 560px) 100vw, 560px\" \/><\/a><\/figure><\/div><\/div>\n\n<div class=\"wp-block-column is-layout-flow wp-block-column-is-layout-flow\"><p>El Dr. Adri\u00e1n Cazares es licenciado en Biolog\u00eda por la Universidad Nacional Aut\u00f3noma de M\u00e9xico (UNAM) y magister y doctor en Gen\u00e9tica y Biolog\u00eda Molecular por el Centro de Investigaci\u00f3n y de Estudios Avanzados del IPN (CINVESTAV-IPN). Ha realizado estancias postdoctorales en Gen\u00f3mica en la Universidad de Liverpool y el Instituto Europeo de Bioinform\u00e1tica (EMBL-EBI). Su investigaci\u00f3n se centra en los mecanismos y elementos gen\u00e9ticos que permiten a las bacterias intercambiar genes, y c\u00f3mo estos procesos aceleran su evoluci\u00f3n adaptativa y la emergencia de pat\u00f3genos de alto riesgo. Es investigador en el Instituto Sanger en el Reino Unido.<\/p><\/div><\/div><figure class=\"wp-block-audio\"><audio controls src=\"https:\/\/www.infobioquimica.com\/new\/wp-content\/uploads\/2026\/03\/PILDORA-Adrian-Cazares-2.06.mp3\"><\/audio><figcaption class=\"wp-element-caption\">P\u00edldora<\/figcaption><\/figure><figure class=\"wp-block-audio\"><audio controls src=\"https:\/\/www.infobioquimica.com\/new\/wp-content\/uploads\/2026\/03\/PODCAST-Adrian-Cazares-19.40.mp3\"><\/audio><figcaption class=\"wp-element-caption\">Podcast completo<\/figcaption><\/figure><h3 class=\"wp-block-heading has-text-align-center\">Exosomas y c\u00e9lulas mesenquimales. Grandes perspectivas y potencialidades.<\/h3><div class=\"wp-block-columns is-layout-flex wp-container-core-columns-is-layout-9d6595d7 wp-block-columns-is-layout-flex\"><div class=\"wp-block-column is-layout-flow wp-block-column-is-layout-flow\"><p>La Dra Mar\u00eda Cecilia L\u00f3pez es bioqu\u00edmica por la Universidad Nacional del NordEste<\/p>\n<p>Presidente del Colegio Bioqu\u00edmico del Chaco, y miembro del Ente Certificador Primario del Nordeste Argentino. Ex vocal del Comit\u00e9 Ejecutivo COLABIOCLI. Es Pro-tesorera de CUBRA .<\/p><\/div>\n\n<div class=\"wp-block-column is-layout-flow wp-block-column-is-layout-flow\"><div class=\"wp-block-image\"><figure class=\"aligncenter size-full\"><a href=\"https:\/\/www.infobioquimica.com\/new\/wp-content\/uploads\/2026\/03\/Maria-Lopez.jpg\"><img loading=\"lazy\" decoding=\"async\" width=\"260\" height=\"429\" src=\"https:\/\/www.infobioquimica.com\/new\/wp-content\/uploads\/2026\/03\/Maria-Lopez.jpg\" alt=\"\" class=\"wp-image-32136\" srcset=\"https:\/\/infobioquimica.com\/new\/wp-content\/uploads\/2026\/03\/Maria-Lopez.jpg 260w, https:\/\/infobioquimica.com\/new\/wp-content\/uploads\/2026\/03\/Maria-Lopez-182x300.jpg 182w, https:\/\/infobioquimica.com\/new\/wp-content\/uploads\/2026\/03\/Maria-Lopez-255x420.jpg 255w\" sizes=\"auto, (max-width: 260px) 100vw, 260px\" \/><\/a><\/figure><\/div><\/div><\/div><figure class=\"wp-block-audio\"><audio controls src=\"https:\/\/www.infobioquimica.com\/new\/wp-content\/uploads\/2026\/03\/PILDORA-Maria-Cecilia-Lopez-1.31.mp3\"><\/audio><figcaption class=\"wp-element-caption\">P\u00edldora<\/figcaption><\/figure><figure class=\"wp-block-audio\"><audio controls src=\"https:\/\/www.infobioquimica.com\/new\/wp-content\/uploads\/2026\/03\/PODCAST-Maria-Cecilia-Lopez-18.48-.mp3.mp3\"><\/audio><figcaption class=\"wp-element-caption\">Podcast completo<\/figcaption><\/figure><h3 class=\"wp-block-heading has-text-align-center\">Bioinform\u00e1tica y telemedicina en el laboratorio.<\/h3><div class=\"wp-block-columns is-layout-flex wp-container-core-columns-is-layout-9d6595d7 wp-block-columns-is-layout-flex\"><div class=\"wp-block-column is-layout-flow wp-block-column-is-layout-flow\"><div class=\"wp-block-image\"><figure class=\"aligncenter size-full is-resized\"><a href=\"https:\/\/www.infobioquimica.com\/new\/wp-content\/uploads\/2026\/03\/Paula-Otero-2026.jpg\"><img loading=\"lazy\" decoding=\"async\" width=\"337\" height=\"470\" src=\"https:\/\/www.infobioquimica.com\/new\/wp-content\/uploads\/2026\/03\/Paula-Otero-2026.jpg\" alt=\"\" class=\"wp-image-32133\" style=\"width:307px;height:auto\" srcset=\"https:\/\/infobioquimica.com\/new\/wp-content\/uploads\/2026\/03\/Paula-Otero-2026.jpg 337w, https:\/\/infobioquimica.com\/new\/wp-content\/uploads\/2026\/03\/Paula-Otero-2026-215x300.jpg 215w, https:\/\/infobioquimica.com\/new\/wp-content\/uploads\/2026\/03\/Paula-Otero-2026-301x420.jpg 301w\" sizes=\"auto, (max-width: 337px) 100vw, 337px\" \/><\/a><\/figure><\/div><\/div>\n\n<div class=\"wp-block-column is-layout-flow wp-block-column-is-layout-flow\"><p>Paula Otero es M\u00e9dica por la Universidad del Salvador y Mag\u00edster en Direcci\u00f3n Ejecutiva de Hospitales por la Universidad Oberta de Catalunya. Es Especialista en Pediatr\u00eda por la Sociedad Argentina de Pediatr\u00eda y se desempe\u00f1a como m\u00e9dica de planta del Departamento de Pediatr\u00eda y del \u00c1rea Inform\u00e1tica M\u00e9dica en el Departamento de Informaci\u00f3n Hospitalaria del Hospital Italiano de Buenos Aires, donde es profesora del Instituto Universitario Escuela de Medicina Hospital Italiano de Buenos Aires. Es Editora asistente de Archivos Argentinos de Pediatr\u00eda y Secretaria Acad\u00e9mica del Programa de Residencia en Inform\u00e1tica M\u00e9dica del Hospital Italiano de Buenos Aires, donde adem\u00e1s, coordina el Area de Productos Hospitalarios.<\/p><\/div><\/div><figure class=\"wp-block-audio\"><audio controls src=\"https:\/\/www.infobioquimica.com\/new\/wp-content\/uploads\/2026\/03\/PILDORA-Paula-Otero-2.03.mp3\"><\/audio><figcaption class=\"wp-element-caption\">P\u00edldora<\/figcaption><\/figure><figure class=\"wp-block-audio\"><audio controls src=\"https:\/\/www.infobioquimica.com\/new\/wp-content\/uploads\/2026\/03\/PODCAST-Paula-Otero-24.47-.mp3.mp3\"><\/audio><figcaption class=\"wp-element-caption\">Podcast completo<\/figcaption><\/figure><h3 class=\"wp-block-heading has-text-align-center\">21 Reuni\u00f3n Anual Aseguramiento de la Calidad. Preanal\u00edtica, hematolog\u00eda e IA<\/h3><div class=\"wp-block-columns is-layout-flex wp-container-core-columns-is-layout-9d6595d7 wp-block-columns-is-layout-flex\"><div class=\"wp-block-column is-layout-flow wp-block-column-is-layout-flow\"><p>El Dr. en C. Juan Manuel Vargas Morales es Profesor-Investigador en bioqu\u00edmica y gen\u00f3mica de enfermedades complejas comunes y en aseguramiento de la calidad en el laboratorio cl\u00ednico, adscrito a la licenciatura de Qu\u00edmico Farmacobi\u00f3logo, al posgrado en Ciencias Farmacobiol\u00f3gicas, a la Maestr\u00eda en An\u00e1lisis Cl\u00ednicos y al Laboratorio de An\u00e1lisis Cl\u00ednicos con Servicio al P\u00fablico \u201cDr. Pedro Medina de los Santos\u201d de la Facultad de Ciencias Qu\u00edmicas de la Universidad Aut\u00f3noma de San Luis Potos\u00ed, S. L. P. Es adem\u00e1s adscrito a la Maestr\u00eda en An\u00e1lisis Cl\u00ednicos de la Universidad del Noreste en Tampico, Tamaulipas. Es Investigador Nacional nivel II, (SNII) y posee acreditaci\u00f3n de Perfil Deseable para Profesores Investigadores de Tiempo Completo por parte de la Secretaria de Educaci\u00f3n P\u00fablica. Es Qu\u00edmico cl\u00ednico certificado por CONAQUIC-CENEVAL.<\/p><\/div>\n\n<div class=\"wp-block-column is-layout-flow wp-block-column-is-layout-flow\"><figure class=\"wp-block-image size-large is-resized\"><a href=\"https:\/\/www.infobioquimica.com\/new\/wp-content\/uploads\/2026\/03\/jUAN-m.-VARGAS-2026.jpg\"><img loading=\"lazy\" decoding=\"async\" width=\"655\" height=\"1024\" src=\"https:\/\/www.infobioquimica.com\/new\/wp-content\/uploads\/2026\/03\/jUAN-m.-VARGAS-2026-655x1024.jpg\" alt=\"\" class=\"wp-image-32137\" style=\"aspect-ratio:0.6396609885973961;width:333px;height:auto\" srcset=\"https:\/\/infobioquimica.com\/new\/wp-content\/uploads\/2026\/03\/jUAN-m.-VARGAS-2026-655x1024.jpg 655w, https:\/\/infobioquimica.com\/new\/wp-content\/uploads\/2026\/03\/jUAN-m.-VARGAS-2026-192x300.jpg 192w, https:\/\/infobioquimica.com\/new\/wp-content\/uploads\/2026\/03\/jUAN-m.-VARGAS-2026-768x1201.jpg 768w, https:\/\/infobioquimica.com\/new\/wp-content\/uploads\/2026\/03\/jUAN-m.-VARGAS-2026-696x1088.jpg 696w, https:\/\/infobioquimica.com\/new\/wp-content\/uploads\/2026\/03\/jUAN-m.-VARGAS-2026-269x420.jpg 269w, https:\/\/infobioquimica.com\/new\/wp-content\/uploads\/2026\/03\/jUAN-m.-VARGAS-2026-600x938.jpg 600w, https:\/\/infobioquimica.com\/new\/wp-content\/uploads\/2026\/03\/jUAN-m.-VARGAS-2026.jpg 912w\" sizes=\"auto, (max-width: 655px) 100vw, 655px\" \/><\/a><\/figure><\/div><\/div><figure class=\"wp-block-audio\"><audio controls src=\"https:\/\/www.infobioquimica.com\/new\/wp-content\/uploads\/2026\/03\/PODCAST-Juan-Manuel-Vargas-Morales-8.34.mp3\"><\/audio><figcaption class=\"wp-element-caption\">Podcast completo<\/figcaption><\/figure><h2 class=\"wp-block-heading has-text-align-center\">Amplia oferta de nuevos cursos a distancia &#8211; Asociaci\u00f3n Bioqu\u00edmica Argentina<\/h2><div class=\"wp-block-columns is-layout-flex wp-container-core-columns-is-layout-9d6595d7 wp-block-columns-is-layout-flex\"><div class=\"wp-block-column is-layout-flow wp-block-column-is-layout-flow\"><div class=\"wp-block-image\"><figure class=\"aligncenter size-full is-resized\"><a href=\"https:\/\/www.infobioquimica.com\/new\/wp-content\/uploads\/2026\/03\/Viviana-.jpg\"><img loading=\"lazy\" decoding=\"async\" width=\"641\" height=\"895\" src=\"https:\/\/www.infobioquimica.com\/new\/wp-content\/uploads\/2026\/03\/Viviana-.jpg\" alt=\"\" class=\"wp-image-32125\" style=\"aspect-ratio:0.7162166380521304;width:286px;height:auto\" srcset=\"https:\/\/infobioquimica.com\/new\/wp-content\/uploads\/2026\/03\/Viviana-.jpg 641w, https:\/\/infobioquimica.com\/new\/wp-content\/uploads\/2026\/03\/Viviana--215x300.jpg 215w, https:\/\/infobioquimica.com\/new\/wp-content\/uploads\/2026\/03\/Viviana--301x420.jpg 301w, https:\/\/infobioquimica.com\/new\/wp-content\/uploads\/2026\/03\/Viviana--600x838.jpg 600w\" sizes=\"auto, (max-width: 641px) 100vw, 641px\" \/><\/a><\/figure><\/div>\n\n<div class=\"wp-block-image\"><figure class=\"aligncenter size-large is-resized\"><a href=\"https:\/\/www.infobioquimica.com\/new\/wp-content\/uploads\/2026\/03\/Paz-Dominguez.jpg\"><img loading=\"lazy\" decoding=\"async\" width=\"699\" height=\"1024\" src=\"https:\/\/www.infobioquimica.com\/new\/wp-content\/uploads\/2026\/03\/Paz-Dominguez-699x1024.jpg\" alt=\"\" class=\"wp-image-32132\" style=\"aspect-ratio:0.6826336615988813;width:285px;height:auto\" srcset=\"https:\/\/infobioquimica.com\/new\/wp-content\/uploads\/2026\/03\/Paz-Dominguez-699x1024.jpg 699w, https:\/\/infobioquimica.com\/new\/wp-content\/uploads\/2026\/03\/Paz-Dominguez-205x300.jpg 205w, https:\/\/infobioquimica.com\/new\/wp-content\/uploads\/2026\/03\/Paz-Dominguez-768x1125.jpg 768w, https:\/\/infobioquimica.com\/new\/wp-content\/uploads\/2026\/03\/Paz-Dominguez-1049x1536.jpg 1049w, https:\/\/infobioquimica.com\/new\/wp-content\/uploads\/2026\/03\/Paz-Dominguez-696x1020.jpg 696w, https:\/\/infobioquimica.com\/new\/wp-content\/uploads\/2026\/03\/Paz-Dominguez-1068x1565.jpg 1068w, https:\/\/infobioquimica.com\/new\/wp-content\/uploads\/2026\/03\/Paz-Dominguez-287x420.jpg 287w, https:\/\/infobioquimica.com\/new\/wp-content\/uploads\/2026\/03\/Paz-Dominguez-600x879.jpg 600w, https:\/\/infobioquimica.com\/new\/wp-content\/uploads\/2026\/03\/Paz-Dominguez.jpg 1155w\" sizes=\"auto, (max-width: 699px) 100vw, 699px\" \/><\/a><\/figure><\/div><\/div>\n\n<div class=\"wp-block-column is-layout-flow wp-block-column-is-layout-flow\"><p>Viviana Osta es Bioqu\u00edmica especialista en Hematolog\u00eda, egresada de la Universidad de Rosario, adonde ha sido docente en la c\u00e1tedra de Histolog\u00eda. Es Jefa del Departamento de Diagn\u00f3stico y Tratamiento en el Hospital de Ni\u00f1os Dr Ricardo Gutierrez de Buenos Aires. Es miembro de la comisi\u00f3n directiva y consultora en el \u00e1rea hematolog\u00eda de la Asociaci\u00f3n Bioqu\u00edmica Argentina y miembro del Comit\u00e9 de Certificaci\u00f3n de Especialidades Bioqu\u00edmicas de la Ciudad de Buenos Aires (COBICE-Baires). Es directora, coordinadora y docente de diferentes cursos del programa de educaci\u00f3n continua de la Asociaci\u00f3n Bioqu\u00edmica Argentina en el \u00e1rea hematolog\u00eda.<\/p>\n\n<p>\u00a0<\/p>\n<p>Mar\u00eda de la Paz Dom\u00ednguez es Bioqu\u00edmica, Diplomada en epidemiolog\u00eda cl\u00ednica, responsable del laboratorio de Hemostasia en el Hospital Nacional Prof. Alejandro Posadas, y coordinadora interna de residentes.\u00a0 Es Miembro de la CD y Comisi\u00f3n de cursos de la ABA\u00a0y del grupo de Investigaci\u00f3n y desarrollo profesional del Grupo CAHT.<\/p><\/div><\/div><figure class=\"wp-block-audio\"><audio controls src=\"https:\/\/www.infobioquimica.com\/new\/wp-content\/uploads\/2026\/03\/PODCAST-Viviana-Osta-M.-de-la-Paz-Dominguez-8.00.mp3\"><\/audio><figcaption class=\"wp-element-caption\">Podcast completo<\/figcaption><\/figure><h3 class=\"wp-block-heading has-text-align-center\">56\u00ba Congreso Nacional de Patolog\u00eda Cl\u00ednica, M\u00e9xico<\/h3><div class=\"wp-block-columns is-layout-flex wp-container-core-columns-is-layout-9d6595d7 wp-block-columns-is-layout-flex\"><div class=\"wp-block-column is-layout-flow wp-block-column-is-layout-flow\"><p>Jorge Manuel S\u00e1nchez Gonz\u00e1lez es m\u00e9dico cirujano por la Universidad Aut\u00f3noma de Guadalajara, Especialista en Patolog\u00eda Cl\u00ednica, Maestro en Ciencias y Doctor en Ciencias de la Salud. Es Master en Perfeccionamiento Directivo de Alta Direcci\u00f3n por el IPADE, y Diplomados en Gesti\u00f3n y Liderazgo Universitario IGLU\/IOHE, en Gerencia de Salud\u00a0 OPS\/OMS, en Ense\u00f1anza de la Medicina UNAM y en Calidad M\u00e9dica por la Universidad de Guanajuato. Es Acad\u00e9mico Em\u00e9rito de la Academia Mexicana de Cirug\u00eda, Vocal Diamond del Rectoral Board Panamerican Institute, asi como Investigador en el Instituto Nacional de Aprendizaje y habilidades para las ciencias. Es parte del Consejo Mexicano de Acreditaci\u00f3n de la Educaci\u00f3n M\u00e9dica, de la Asociaci\u00f3n Latinoamericana de Patolog\u00eda Cl\u00ednica y ML y Presidente de la Federaci\u00f3n Mexicana de Patolog\u00eda Cl\u00ednica.<\/p><\/div>\n\n<div class=\"wp-block-column is-layout-flow wp-block-column-is-layout-flow\"><div class=\"wp-block-image\"><figure class=\"aligncenter size-full is-resized\"><a href=\"https:\/\/www.infobioquimica.com\/new\/wp-content\/uploads\/2026\/03\/Jorge-Sanchez-Gonzalez.jpg\"><img loading=\"lazy\" decoding=\"async\" width=\"322\" height=\"523\" src=\"https:\/\/www.infobioquimica.com\/new\/wp-content\/uploads\/2026\/03\/Jorge-Sanchez-Gonzalez.jpg\" alt=\"\" class=\"wp-image-32138\" style=\"width:278px;height:auto\" srcset=\"https:\/\/infobioquimica.com\/new\/wp-content\/uploads\/2026\/03\/Jorge-Sanchez-Gonzalez.jpg 322w, https:\/\/infobioquimica.com\/new\/wp-content\/uploads\/2026\/03\/Jorge-Sanchez-Gonzalez-185x300.jpg 185w, https:\/\/infobioquimica.com\/new\/wp-content\/uploads\/2026\/03\/Jorge-Sanchez-Gonzalez-259x420.jpg 259w\" sizes=\"auto, (max-width: 322px) 100vw, 322px\" \/><\/a><\/figure><\/div><\/div><\/div><figure class=\"wp-block-audio\"><audio controls src=\"https:\/\/www.infobioquimica.com\/new\/wp-content\/uploads\/2026\/03\/PODCAST-Jorge-Sanchez-Gonzalez-15.51-.mp3.mp3\"><\/audio><figcaption class=\"wp-element-caption\">Podcast completo<\/figcaption><\/figure><h3 class=\"wp-block-heading has-text-align-center\">Historia de cient\u00edficos<\/h3><div class=\"wp-block-columns is-layout-flex wp-container-core-columns-is-layout-9d6595d7 wp-block-columns-is-layout-flex\"><div class=\"wp-block-column is-layout-flow wp-block-column-is-layout-flow\"><div class=\"wp-block-image\"><figure class=\"aligncenter size-full\"><a href=\"https:\/\/www.infobioquimica.com\/new\/wp-content\/uploads\/2026\/03\/Paracelso.jpg\"><img loading=\"lazy\" decoding=\"async\" width=\"212\" height=\"238\" src=\"https:\/\/www.infobioquimica.com\/new\/wp-content\/uploads\/2026\/03\/Paracelso.jpg\" alt=\"\" class=\"wp-image-32134\"\/><\/a><\/figure><\/div><\/div>\n\n<div class=\"wp-block-column is-layout-flow wp-block-column-is-layout-flow\"><p>Paracelso fue un m\u00e9dico y alquimista suizo, figura clave del Renacimiento que revolucion\u00f3 la medicina al introducir la qu\u00edmica en la formulaci\u00f3n de f\u00e1rmacos y basarse en la observaci\u00f3n emp\u00edrica. Desafi\u00f3 los dogmas acad\u00e9micos de su \u00e9poca, enfoc\u00e1ndose en la individualidad del paciente. Se le considera el padre de la\u00a0farmacolog\u00eda moderna, acu\u00f1ando que la dosis determina la toxicidad.<\/p><\/div><\/div><figure class=\"wp-block-audio\"><audio controls src=\"https:\/\/www.infobioquimica.com\/new\/wp-content\/uploads\/2026\/03\/Paracelso-6.38.mp3\"><\/audio><figcaption class=\"wp-element-caption\">Podcast completo<\/figcaption><\/figure>","protected":false},"excerpt":{"rendered":"<p>Resistencia antimicrobiana en un contexto hist\u00f3rico El Dr. Adri\u00e1n Cazares es licenciado en Biolog\u00eda por la Universidad Nacional Aut\u00f3noma de M\u00e9xico (UNAM) y magister y doctor en Gen\u00e9tica y Biolog\u00eda Molecular por el Centro de Investigaci\u00f3n y de Estudios Avanzados del IPN (CINVESTAV-IPN). Ha realizado estancias postdoctorales en Gen\u00f3mica en la Universidad de Liverpool y [&hellip;]<\/p>\n","protected":false},"author":14117,"featured_media":0,"comment_status":"closed","ping_status":"closed","sticky":false,"template":"","format":"standard","meta":{"twitterCardType":"","cardImageID":0,"cardImage":"","cardTitle":"","cardDesc":"","cardImageAlt":"","cardPlayer":"","cardPlayerWidth":0,"cardPlayerHeight":0,"cardPlayerStream":"","cardPlayerCodec":"","footnotes":""},"categories":[26],"tags":[],"class_list":["post-32144","post","type-post","status-publish","format-standard","hentry","category-noticias-bioquimicas"],"acf":[],"_links":{"self":[{"href":"https:\/\/infobioquimica.com\/new\/wp-json\/wp\/v2\/posts\/32144","targetHints":{"allow":["GET"]}}],"collection":[{"href":"https:\/\/infobioquimica.com\/new\/wp-json\/wp\/v2\/posts"}],"about":[{"href":"https:\/\/infobioquimica.com\/new\/wp-json\/wp\/v2\/types\/post"}],"author":[{"embeddable":true,"href":"https:\/\/infobioquimica.com\/new\/wp-json\/wp\/v2\/users\/14117"}],"replies":[{"embeddable":true,"href":"https:\/\/infobioquimica.com\/new\/wp-json\/wp\/v2\/comments?post=32144"}],"version-history":[{"count":3,"href":"https:\/\/infobioquimica.com\/new\/wp-json\/wp\/v2\/posts\/32144\/revisions"}],"predecessor-version":[{"id":32147,"href":"https:\/\/infobioquimica.com\/new\/wp-json\/wp\/v2\/posts\/32144\/revisions\/32147"}],"wp:attachment":[{"href":"https:\/\/infobioquimica.com\/new\/wp-json\/wp\/v2\/media?parent=32144"}],"wp:term":[{"taxonomy":"category","embeddable":true,"href":"https:\/\/infobioquimica.com\/new\/wp-json\/wp\/v2\/categories?post=32144"},{"taxonomy":"post_tag","embeddable":true,"href":"https:\/\/infobioquimica.com\/new\/wp-json\/wp\/v2\/tags?post=32144"}],"curies":[{"name":"wp","href":"https:\/\/api.w.org\/{rel}","templated":true}]}}